{"id":9834,"__str__":"Indica\u00e7\u00e3o n\u00ba 616 de 2025","link_detail_backend":"/materia/9834","metadata":{"signs":{"texto_original":{"admin":[],"autores":[["Esdras Carvalho da Silva Moraes",["2025-06-25T09:49:32-03:00","ICP-Brasil"]]]}}},"numero":616,"ano":2025,"numero_protocolo":1651,"data_apresentacao":"2025-06-30","tipo_apresentacao":"","data_publicacao":null,"numero_origem_externa":"","ano_origem_externa":null,"data_origem_externa":null,"apelido":"","dias_prazo":null,"data_fim_prazo":null,"em_tramitacao":true,"polemica":false,"objeto":"","complementar":false,"ementa":"INDICA AO PODER EXECUTIVO MUNICIPAL QUE SEJA REALIZADA A REVITALIZA\u00c7\u00c3O DA PINTURA DAS FAIXAS DE PEDESTRES EM FRENTE \u00c0S ESCOLAS E CRECHES DESTE MUNIC\u00cdPIO.","indexacao":"","observacao":"","resultado":"","texto_original":"http://sapl.tangaradaserra.mt.leg.br/media/sapl/public/materialegislativa/2025/9834/90_-_indicacao_-_no_000-__indica_ao_poder_executivo_municipal_a_revitalizacao_da_pintura_das_faixas_de_pedestres_em_frente_as_escolas_e_creches_deste_municipio..pdf","data_ultima_atualizacao":"2025-06-30T11:46:41.717545-03:00","ip":"","ultima_edicao":null,"tipo":8,"regime_tramitacao":1,"tipo_origem_externa":null,"local_origem_externa":null,"user":null,"anexadas":[],"autores":[51]}