{"id":9830,"__str__":"Indica\u00e7\u00e3o n\u00ba 612 de 2025","link_detail_backend":"/materia/9830","metadata":{"signs":{"texto_original":{"admin":[],"autores":[["Sebastian Ramos",["2025-06-26T15:51:56-03:00","ICP-Brasil"]]]}}},"numero":612,"ano":2025,"numero_protocolo":1647,"data_apresentacao":"2025-06-30","tipo_apresentacao":"","data_publicacao":null,"numero_origem_externa":"","ano_origem_externa":null,"data_origem_externa":null,"apelido":"","dias_prazo":null,"data_fim_prazo":null,"em_tramitacao":true,"polemica":false,"objeto":"","complementar":false,"ementa":"INDICA AO SENADO FEDERAL QUE D\u00ca ATEN\u00c7\u00c3O ESPECIAL AO PROJETO DE LEI N.\u00ba 507, DE 2023, QUE DISP\u00d5E SOBRE O PRAZO DE VALIDADE INDETERMINADO DO LAUDO M\u00c9DICO PERICIAL QUE ATESTA O TRANSTORNO DO ESPECTRO AUTISTA (TEA).","indexacao":"","observacao":"","resultado":"","texto_original":"http://sapl.tangaradaserra.mt.leg.br/media/sapl/public/materialegislativa/2025/9830/indic._ao_senado_fed._atencao_esp_pl_507_2023_prazo_do_laudo_autista.pdf","data_ultima_atualizacao":"2025-06-30T11:45:57.709334-03:00","ip":"","ultima_edicao":null,"tipo":8,"regime_tramitacao":1,"tipo_origem_externa":null,"local_origem_externa":null,"user":null,"anexadas":[],"autores":[17]}