{"id":9301,"__str__":"Indica\u00e7\u00e3o n\u00ba 410 de 2025","link_detail_backend":"/materia/9301","metadata":{"signs":{"texto_original":{"admin":[],"autores":[["Esdras Carvalho da Silva Moraes",["2025-04-23T11:30:54-03:00","ICP-Brasil"]]]}}},"numero":410,"ano":2025,"numero_protocolo":1023,"data_apresentacao":"2025-04-25","tipo_apresentacao":"","data_publicacao":null,"numero_origem_externa":"","ano_origem_externa":null,"data_origem_externa":null,"apelido":"","dias_prazo":null,"data_fim_prazo":null,"em_tramitacao":true,"polemica":false,"objeto":"","complementar":false,"ementa":"INDICA AO PODER EXECUTIVO MUNICIPAL A REALIZA\u00c7\u00c3O DO SERVI\u00c7O DE LIMPEZA DOS CANTEIROS CENTRAIS DA AVENIDA JO\u00c3O DE BARRO, NO JARDIM ALTO DA BOA VISTA.","indexacao":"","observacao":"","resultado":"","texto_original":"http://sapl.tangaradaserra.mt.leg.br/media/sapl/public/materialegislativa/2025/9301/60-_indicacao_-_no000_-__indica_ao_poder_executivo_municipal_limpeza_dos_canteiros_centrais_da_avenida_joao_de_barro_no_jardim_alto_da_boa_vista..doc.pdf","data_ultima_atualizacao":"2025-04-25T15:12:53.384817-03:00","ip":"","ultima_edicao":null,"tipo":8,"regime_tramitacao":1,"tipo_origem_externa":null,"local_origem_externa":null,"user":null,"anexadas":[],"autores":[51]}