{"id":9142,"__str__":"Indica\u00e7\u00e3o n\u00ba 342 de 2025","link_detail_backend":"/materia/9142","metadata":{"signs":{"texto_original":{"admin":[],"autores":[["Esdras Carvalho da Silva Moraes",["2025-04-09T11:07:59-03:00","ICP-Brasil"]]]}}},"numero":342,"ano":2025,"numero_protocolo":850,"data_apresentacao":"2025-04-11","tipo_apresentacao":"","data_publicacao":null,"numero_origem_externa":"","ano_origem_externa":null,"data_origem_externa":null,"apelido":"","dias_prazo":null,"data_fim_prazo":null,"em_tramitacao":true,"polemica":false,"objeto":"","complementar":false,"ementa":"INDICA AO PODER EXECUTIVO MUNICIPAL A REALIZA\u00c7\u00c3O DE SERVI\u00c7O DE TAPA-BURACO NA AVENIDA ALVEDI MONTICELLI, NAS PROXIMIDADES DO JARDIM ALTO ALEGRE.","indexacao":"","observacao":"","resultado":"","texto_original":"http://sapl.tangaradaserra.mt.leg.br/media/sapl/public/materialegislativa/2025/9142/56__-_indicacao_-_no000_-_indica_ao_poder_executivo_municipal_servico_de_tapa-buracos_na_av._alvadi_monticelli_nas_proximidades_do_bairro_jardim_alto_alegre..pdf","data_ultima_atualizacao":"2025-04-11T15:53:42.220360-03:00","ip":"","ultima_edicao":null,"tipo":8,"regime_tramitacao":1,"tipo_origem_externa":null,"local_origem_externa":null,"user":null,"anexadas":[],"autores":[51]}