{"id":8900,"__str__":"Parecer de Comiss\u00e3o Permanente n\u00ba 171 de 2025","link_detail_backend":"/materia/8900","metadata":{"signs":{"texto_original":{"admin":[],"autores":[["Esdras Carvalho da Silva Moraes",["2025-03-18T19:27:48Z","ICP-Brasil"]],["Fabio da Silva Brito",["2025-03-18T19:28:21Z","ICP-Brasil"]],["Renato Santana",["2025-03-18T19:25:54Z","ICP-Brasil"]]]}}},"numero":171,"ano":2025,"numero_protocolo":596,"data_apresentacao":"2025-03-18","tipo_apresentacao":"","data_publicacao":null,"numero_origem_externa":"","ano_origem_externa":null,"data_origem_externa":null,"apelido":"","dias_prazo":null,"data_fim_prazo":null,"em_tramitacao":false,"polemica":false,"objeto":"","complementar":false,"ementa":"PARECER FAVOR\u00c1VEL DA COMISS\u00c3O DE LEGISLA\u00c7\u00c3O AO PROJETO DE RESOLU\u00c7\u00c3O 03/2025 VEREADORES SUBSCRITORES","indexacao":"","observacao":"","resultado":"","texto_original":"http://sapl.tangaradaserra.mt.leg.br/media/sapl/public/materialegislativa/2025/8900/parecer_da_comicao_ao_projeto_de_revogacao_03-2025_vereadores_subscritores.pdf","data_ultima_atualizacao":"2025-03-18T16:34:05.487037-03:00","ip":"168.205.49.10","ultima_edicao":"2025-03-18T16:34:05.212753-03:00","tipo":15,"regime_tramitacao":1,"tipo_origem_externa":null,"local_origem_externa":null,"user":36,"anexadas":[],"autores":[52]}