{"id":8663,"__str__":"Indica\u00e7\u00e3o n\u00ba 213 de 2025","link_detail_backend":"/materia/8663","metadata":{"signs":{"texto_original":{"admin":[],"autores":[["Esdras Carvalho da Silva Moraes",["2025-02-21T16:46:39-03:00","ICP-Brasil"]]]}}},"numero":213,"ano":2025,"numero_protocolo":359,"data_apresentacao":"2025-02-21","tipo_apresentacao":"","data_publicacao":null,"numero_origem_externa":"","ano_origem_externa":null,"data_origem_externa":null,"apelido":"","dias_prazo":null,"data_fim_prazo":null,"em_tramitacao":true,"polemica":false,"objeto":"","complementar":false,"ementa":"INDICA AO PODER EXECUTIVO MUNICIPAL QUE SEJA REALIZADO O SERVI\u00c7O DE TAPA-BURACOS, NA AVENIDA DAS PALMEIRAS NAS PROXIMIDADES DO N\u00daMERO 693 -N, NO BAIRRO JARDIM TARUM\u00c3.","indexacao":"","observacao":"","resultado":"","texto_original":"http://sapl.tangaradaserra.mt.leg.br/media/sapl/public/materialegislativa/2025/8663/24__-_indicacao_-_no___000-__indica_ao_poder_executivo_municipal__que_realize_servico_de_tapa-buracos_em_frente_ao_n.693-n_na_av.das_palmeiras_b._jd._taruma.pdf","data_ultima_atualizacao":"2025-02-21T18:14:46.449670-03:00","ip":"","ultima_edicao":null,"tipo":8,"regime_tramitacao":1,"tipo_origem_externa":null,"local_origem_externa":null,"user":null,"anexadas":[],"autores":[51]}