{"id":8335,"__str__":"Indica\u00e7\u00e3o n\u00ba 12 de 2025","link_detail_backend":"/materia/8335","metadata":{"signs":{"texto_original":{"admin":[],"autores":[["Esdras Carvalho da Silva Moraes",["2025-01-17T15:54:46-03:00","ICP-Brasil"]]]}}},"numero":12,"ano":2025,"numero_protocolo":33,"data_apresentacao":"2025-01-17","tipo_apresentacao":"","data_publicacao":null,"numero_origem_externa":"","ano_origem_externa":null,"data_origem_externa":null,"apelido":"","dias_prazo":null,"data_fim_prazo":null,"em_tramitacao":true,"polemica":false,"objeto":"","complementar":false,"ementa":"INDICA AO PODER EXECUTIVO MUNICIPAL INSTALA\u00c7\u00c3O DE ILUMINA\u00c7\u00c3O P\u00daBLICA, NO TRECHO ENTRE OS BAIRROS JARDIM VAL\u00caNCIA E MORADA DO SOL, NA RUA R, NAS PROXIMIDADES DO N\u00ba 2422.","indexacao":"","observacao":"","resultado":"","texto_original":"http://sapl.tangaradaserra.mt.leg.br/media/sapl/public/materialegislativa/2025/8335/01-01_-_indicacao_-_indica_ao_poder_executivo_municipal_instalacao_de_iluminacao_publica_no_trecho_entre___o_bairro_jd._valencia_e_o_bairro_morada_do_sol..pdf","data_ultima_atualizacao":"2025-01-17T17:04:03.773805-03:00","ip":"","ultima_edicao":null,"tipo":8,"regime_tramitacao":1,"tipo_origem_externa":null,"local_origem_externa":null,"user":null,"anexadas":[],"autores":[51]}