{"id":8331,"__str__":"Indica\u00e7\u00e3o n\u00ba 9 de 2025","link_detail_backend":"/materia/8331","metadata":{"signs":{"texto_original":{"admin":[],"autores":[["Valdeneide Ferreira Santana",["2025-01-17T10:14:34-03:00","ICP-Brasil"]]]}}},"numero":9,"ano":2025,"numero_protocolo":29,"data_apresentacao":"2025-01-17","tipo_apresentacao":"","data_publicacao":null,"numero_origem_externa":"","ano_origem_externa":null,"data_origem_externa":null,"apelido":"","dias_prazo":null,"data_fim_prazo":null,"em_tramitacao":true,"polemica":false,"objeto":"","complementar":false,"ementa":"INDICA AO PODER EXECUTIVO MUNICIPAL A PODA DAS \u00c1RVORES NA RUA J\u00daLIO MARTINEZ BENEVIDES NA QUADRA EM FRENTE A POLITEC E O HOSPITAL SANTA \u00c2NGELA.","indexacao":"","observacao":"","resultado":"","texto_original":"http://sapl.tangaradaserra.mt.leg.br/media/sapl/public/materialegislativa/2025/8331/indicacao_poda_arvores_rua_julio_martinez_benevides-assinado.pdf","data_ultima_atualizacao":"2025-01-17T15:53:21.939457-03:00","ip":"","ultima_edicao":null,"tipo":8,"regime_tramitacao":1,"tipo_origem_externa":null,"local_origem_externa":null,"user":null,"anexadas":[],"autores":[14]}