{"id":6297,"__str__":"Indica\u00e7\u00e3o n\u00ba 564 de 2022","link_detail_backend":"/materia/6297","metadata":{},"numero":564,"ano":2022,"numero_protocolo":null,"data_apresentacao":"2022-08-05","tipo_apresentacao":"E","data_publicacao":null,"numero_origem_externa":"","ano_origem_externa":null,"data_origem_externa":null,"apelido":"","dias_prazo":null,"data_fim_prazo":null,"em_tramitacao":false,"polemica":false,"objeto":"","complementar":false,"ementa":"VEREADORAS DONA NEIDE E SANDRA FERRACIN INDICAM AO DEPUTADO ESTADUAL FAISSAL CALIL (CIDADANIA), QUE BUSQUE ATRAV\u00c9S DE EMENDA PARLAMENTAR OU ALGUM \u00d3RG\u00c3O DO GOVERNO, RECURSOS PARA CONSTRU\u00c7\u00c3O DE FAIXAS ELEVADAS EM TODAS AS ESCOLAS DO MUNIC\u00cdPIO DE TANGAR\u00c1 DA SERRA.","indexacao":"","observacao":"","resultado":"","texto_original":"http://sapl.tangaradaserra.mt.leg.br/media/sapl/public/materialegislativa/2022/6297/ind_564_recursos_para_faixa_elevada.doc","data_ultima_atualizacao":"2023-04-25T09:04:19.493041-03:00","ip":"168.205.51.130","ultima_edicao":"2023-04-25T09:03:05.649545-03:00","tipo":8,"regime_tramitacao":1,"tipo_origem_externa":null,"local_origem_externa":null,"user":11,"anexadas":[],"autores":[14]}