{"id":4526,"__str__":"Indica\u00e7\u00e3o n\u00ba 647 de 2020","link_detail_backend":"/materia/4526","metadata":{},"numero":647,"ano":2020,"numero_protocolo":null,"data_apresentacao":"2020-10-13","tipo_apresentacao":"E","data_publicacao":null,"numero_origem_externa":"","ano_origem_externa":null,"data_origem_externa":null,"apelido":"","dias_prazo":null,"data_fim_prazo":null,"em_tramitacao":true,"polemica":false,"objeto":"","complementar":false,"ementa":"REITERA TERMOS DA INDICA\u00c7\u00c3O N\u00ba 198/2019 QUE INDICOU \u00c0 SECRETARIA MUNICIPAL DE EDUCA\u00c7\u00c3O E CULTURA QUE CONTEMPLE NO SISTEMA MUNICIPAL DE ENSINO O COMPONENTE CURRICULAR DE ARTES QUE TRATA SOBRE ARTES VISUAIS, A DAN\u00c7A, A M\u00daSICA E O TEATRO CONFORME A LEI N\u00ba 13.278/16.","indexacao":"","observacao":"","resultado":"","texto_original":"http://sapl.tangaradaserra.mt.leg.br/media/sapl/public/materialegislativa/2020/4526/647_-_reitera_ind_1982019.docx","data_ultima_atualizacao":"2021-03-11T15:59:36.710122-03:00","ip":"138.118.176.139","ultima_edicao":"2021-03-11T15:58:44.267752-03:00","tipo":8,"regime_tramitacao":1,"tipo_origem_externa":null,"local_origem_externa":null,"user":14,"anexadas":[],"autores":[17]}