{"id":11345,"__str__":"Requerimento n\u00ba 240 de 2025","link_detail_backend":"/materia/11345","metadata":{"signs":{"texto_original":{"admin":[],"autores":[["Nilton Dalla Pria",["2025-12-12T16:54:10-03:00","ICP-Brasil - AC SyngularID Multipla"]]]}}},"numero":240,"ano":2025,"numero_protocolo":3292,"data_apresentacao":"2025-12-15","tipo_apresentacao":"","data_publicacao":null,"numero_origem_externa":"","ano_origem_externa":null,"data_origem_externa":null,"apelido":"","dias_prazo":null,"data_fim_prazo":null,"em_tramitacao":true,"polemica":false,"objeto":"","complementar":false,"ementa":"REQUER AO PODER EXECUTIVO MUNICIPAL E \u00c0 SECRETARIA MUNICIPAL DE INFRAESTRUTURA (SINFRA), AS SEGUINTES INFORMA\u00c7\u00d5ES REFERENTES AO PROJETO DE IMPLANTA\u00c7\u00c3O DE ILUMINA\u00c7\u00c3O P\u00daBLICA NA AVENIDA ALVADIR MONTICELLI, OBJETO DE PEDIDO DE EMENDA PARLAMENTAR DO VEREADOR NILTINHO DO LANCHE, ENCAMINHADO AO DEPUTADO FEDERAL NELSON BARBUDO","indexacao":"","observacao":"","resultado":"","texto_original":"http://sapl.tangaradaserra.mt.leg.br/media/sapl/public/materialegislativa/2025/11345/req._12-12_requerimento_sinfra_orcamento_iluminacao_av._alvadi_monticelli.pdf","data_ultima_atualizacao":"2025-12-15T09:28:49.210940-03:00","ip":"","ultima_edicao":null,"tipo":3,"regime_tramitacao":1,"tipo_origem_externa":null,"local_origem_externa":null,"user":null,"anexadas":[],"autores":[11]}