{"id":10652,"__str__":"Mo\u00e7\u00e3o n\u00ba 41 de 2025","link_detail_backend":"/materia/10652","metadata":{"signs":{"texto_original":{"admin":[],"autores":[["Helio Jose Schwaab",["2025-10-09T16:12:21-03:00","ICP-Brasil"]]]}}},"numero":41,"ano":2025,"numero_protocolo":2598,"data_apresentacao":"2025-10-10","tipo_apresentacao":"","data_publicacao":null,"numero_origem_externa":"","ano_origem_externa":null,"data_origem_externa":null,"apelido":"","dias_prazo":null,"data_fim_prazo":null,"em_tramitacao":true,"polemica":false,"objeto":"","complementar":false,"ementa":"MO\u00c7\u00c3O DE APLAUSOS, RECONHECIMENTO E CONGRATULA\u00c7\u00d5ES AOS DIRIGENTES DA ASSOCIA\u00c7\u00c3O NOSSO LAR \u2013 CASA DO IDOSO DE TANGAR\u00c1 DA SERRA PELOS RELEVANTES SERVI\u00c7OS PRESTADOS \u00c0 COMUNIDADE E PELO EXCEPCIONAL CUIDADO COM OS IDOSOS ACOLHIDOS.","indexacao":"","observacao":"","resultado":"","texto_original":"http://sapl.tangaradaserra.mt.leg.br/media/sapl/public/materialegislativa/2025/10652/mocao_de_aplausos_aos_diregentes_da_associacao_do__lar_do_idoso.pdf","data_ultima_atualizacao":"2025-10-10T11:58:23.055944-03:00","ip":"","ultima_edicao":null,"tipo":7,"regime_tramitacao":1,"tipo_origem_externa":null,"local_origem_externa":null,"user":null,"anexadas":[],"autores":[13]}