{"id":10331,"__str__":"Projeto de Lei Ordin\u00e1ria n\u00ba 287 de 2025","link_detail_backend":"/materia/10331","metadata":{"signs":{"texto_original":{"admin":[],"autores":[["Roselene Ferreira de Lima",["2025-09-05T15:57:39-03:00","ICP-Brasil - Certificado PF A1"]]]}}},"numero":287,"ano":2025,"numero_protocolo":2224,"data_apresentacao":"2025-09-08","tipo_apresentacao":"","data_publicacao":null,"numero_origem_externa":"","ano_origem_externa":null,"data_origem_externa":null,"apelido":"","dias_prazo":null,"data_fim_prazo":null,"em_tramitacao":false,"polemica":false,"objeto":"","complementar":false,"ementa":"DISP\u00d5E SOBRE A NOMINA\u00c7\u00c3O DA ALAMEDA RESERVA DO PARQUE, NO BAIRRO RESERVA DO PARQUE, NO MUNIC\u00cdPIO DE TANGAR\u00c1 DA SERRA \u2013 MT, QUE PASSAR\u00c1 A DENOMINAR-SE ALAMEDA SAMUEL LOPES DA SILVA.","indexacao":"","observacao":"","resultado":"","texto_original":"http://sapl.tangaradaserra.mt.leg.br/media/sapl/public/materialegislativa/2025/10331/projeto_de_lei_-_nominacao_da_alameda_reserva_do_parque_no_bairro_reserva_do_parque.pdf","data_ultima_atualizacao":"2025-09-10T12:16:54.556746-03:00","ip":"","ultima_edicao":null,"tipo":1,"regime_tramitacao":1,"tipo_origem_externa":null,"local_origem_externa":null,"user":null,"anexadas":[10452],"autores":[54]}