{"id":192,"__str__":"Diversos - Declara\u00e7\u00e3o do Ordenador de Despesas de 14/03/2025 por Edmilson Avelino Porf\u00edrio","link_detail_backend":"/materia/documentoacessorio/192","metadata":{"signs":{"arquivo":{"admin":[],"autores":[["Edmilson Avelino Porfirio",["2025-03-18T08:32:00-03:00","ICP-Brasil"]]]}}},"nome":"Declara\u00e7\u00e3o do Ordenador de Despesas","data":"2025-03-14","autor":"Edmilson Avelino Porf\u00edrio","ementa":"","indexacao":"","arquivo":"http://sapl.tangaradaserra.mt.leg.br/media/sapl/public/documentoacessorio/2025/192/declaracao_ordenador_de_despesa.pdf","data_ultima_atualizacao":"2025-03-18T08:36:41.527745-03:00","materia":8851,"tipo":6}