{"id":181,"__str__":"Diversos - Parecer da Comiss\u00e3o de Educa\u00e7\u00e3o de 17/03/2025 por ","link_detail_backend":"/materia/documentoacessorio/181","metadata":{"signs":{"arquivo":{"admin":[],"autores":[["Evania Felix da Silva Gragel",["2025-03-14T20:15:23Z","ICP-Brasil"]],["Mauricio Jose Escobar",["2025-03-14T21:11:49Z","ICP-Brasil"]],["Sebastian Ramos",["2025-03-14T20:27:21Z","ICP-Brasil"]]]}}},"nome":"Parecer da Comiss\u00e3o de Educa\u00e7\u00e3o","data":"2025-03-17","autor":"","ementa":"","indexacao":"","arquivo":"http://sapl.tangaradaserra.mt.leg.br/media/sapl/public/documentoacessorio/2025/181/parecer_do_historico_pastor_lazaro_benedito_alves_1.pdf","data_ultima_atualizacao":"2025-03-17T09:25:52.738324-03:00","materia":8850,"tipo":6}