{"id":1547,"__str__":"Diversos - PROJETO ILUMINA\u00c7\u00c3O AV. ALVADI MONTICELLI de 11/03/2026 por H\u00e9lio da Nazar\u00e9 e Niltinho do Lanche","link_detail_backend":"/materia/documentoacessorio/1547","metadata":{},"nome":"PROJETO ILUMINA\u00c7\u00c3O AV. ALVADI MONTICELLI","data":"2026-03-11","autor":"H\u00e9lio da Nazar\u00e9 e Niltinho do Lanche","ementa":"Projeto de ilumina\u00e7\u00e3o Av. Alvadi Monticelli","indexacao":"","arquivo":"http://sapl.tangaradaserra.mt.leg.br/media/sapl/public/documentoacessorio/2026/1547/anexo_2_-_memorial_de_calculo_iluminacao_publica_via_e_ciclovia_a_av._avaldi_1.pdf","data_ultima_atualizacao":"2026-03-11T14:26:15.709185-03:00","materia":11817,"tipo":6}